{"id":4648,"date":"2026-03-04T16:11:31","date_gmt":"2026-03-04T15:11:31","guid":{"rendered":"https:\/\/amigosdeltambor.org\/?p=4648"},"modified":"2026-03-04T16:11:31","modified_gmt":"2026-03-04T15:11:31","slug":"oscar-urreamiembro-de-la-cuadrilla-a-ultima-hora-nieto-de-antonio-piquitos-y-amante-del-tambor-y-del-paso-gordo-el-tambor-que-llevare-es-el-de-mi-abuelo-con-el","status":"publish","type":"post","link":"https:\/\/amigosdeltambor.org\/en\/2026\/03\/04\/oscar-urreamiembro-de-la-cuadrilla-a-ultima-hora-nieto-de-antonio-piquitos-y-amante-del-tambor-y-del-paso-gordo-el-tambor-que-llevare-es-el-de-mi-abuelo-con-el\/","title":{"rendered":"\u00d3SCAR URREA\nMiembro de la cuadrilla \u201cA \u00daltima Hora\u201d.\n\nNieto de Antonio \u201cPiquitos\u201d y amante del tambor y del Paso Gordo. El tambor que llevar\u00e9 es el de mi abuelo con el que tantas veces lo ha hecho sonar, uno de los primeros con reductora en Tobarra, y no solo se toca; se honra y se lleva en el alma. Con orgullo contin\u00fao la tradici\u00f3n de la Semana Santa de Tobarra, representando a mi pueblo en las Jornadas Nacionales de Exaltaci\u00f3n del Tambor y el Bombo en La Puebla de H\u00edjar. \ud83e\udd41\n\n#delegacionoficial #exaltaci\u00f3naltamboryalbombo #tobarra #lapuebladehijar\n@atracadora_de_recuerdos"},"content":{"rendered":"<div><img decoding=\"async\" src=\"https:\/\/scontent-iad3-1.cdninstagram.com\/v\/t39.30808-6\/645268661_1378916300941505_5462819908331404912_n.jpg?_nc_cat=109&#038;_nc_gid=oBc_mVe_ZtWXnkyVX29Pdg&#038;_nc_ht=scontent-iad3-1.cdninstagram.com&#038;_nc_oc=AdngsCKlUFFJSkzpmcGqbnFGbN24hKJS6Y-zOS4vrYStt5cxVBY7nOcfLRRQBho50eo&#038;_nc_ohc=1RH7kLCminAQ7kNvwG6yjsT&#038;_nc_sid=18de74&#038;_nc_tpa=Q5bMBQH2B8rCF1l8ZfwoUX8aKODuOOAEQ8D_MC3SJ_p8qNeeIRh56BQ2DwNjF_bGc0TFAS9gvmhOplDX&#038;_nc_zt=23&#038;ccb=7-5&#038;edm=ANo9K5cEAAAA&#038;efg=eyJlZmdfdGFnIjoiQ0FST1VTRUxfSVRFTS5iZXN0X2ltYWdlX3VybGdlbi5DMiJ9&#038;oe=69AE0460&#038;oh=00_Afx0KOwZ9zGVbp2LkqcQ4jOVOdU40ycHfj2mIWZQeL8IjA&#038;stp=dst-jpg_e35_tt6\" style=\"max-width:600px;\" alt=\"\" title=\"\"><\/p>\n<div>https:\/\/instagr.am\/p\/DVdyU-eDcAA\/<\/div>\n<\/div>","protected":false},"excerpt":{"rendered":"<p>https:\/\/instagr.am\/p\/DVdyU-eDcAA\/<\/p>","protected":false},"author":937,"featured_media":0,"comment_status":"open","ping_status":"open","sticky":false,"template":"","format":"standard","meta":{"_acf_changed":false,"_uag_custom_page_level_css":"","_joinchat":[],"footnotes":""},"categories":[1],"tags":[],"post_folder":[],"class_list":["post-4648","post","type-post","status-publish","format-standard","hentry","category-sin-categoria"],"acf":[],"uagb_featured_image_src":{"full":false,"thumbnail":false,"medium":false,"medium_large":false,"large":false,"1536x1536":false,"2048x2048":false,"trp-custom-language-flag":false},"uagb_author_info":{"display_name":"ADRIAN RODRIGUEZ MORENO","author_link":"https:\/\/amigosdeltambor.org\/en\/author\/935\/"},"uagb_comment_info":0,"uagb_excerpt":"https:\/\/instagr.am\/p\/DVdyU-eDcAA\/","_links":{"self":[{"href":"https:\/\/amigosdeltambor.org\/en\/wp-json\/wp\/v2\/posts\/4648","targetHints":{"allow":["GET"]}}],"collection":[{"href":"https:\/\/amigosdeltambor.org\/en\/wp-json\/wp\/v2\/posts"}],"about":[{"href":"https:\/\/amigosdeltambor.org\/en\/wp-json\/wp\/v2\/types\/post"}],"author":[{"embeddable":true,"href":"https:\/\/amigosdeltambor.org\/en\/wp-json\/wp\/v2\/users\/937"}],"replies":[{"embeddable":true,"href":"https:\/\/amigosdeltambor.org\/en\/wp-json\/wp\/v2\/comments?post=4648"}],"version-history":[{"count":1,"href":"https:\/\/amigosdeltambor.org\/en\/wp-json\/wp\/v2\/posts\/4648\/revisions"}],"predecessor-version":[{"id":4649,"href":"https:\/\/amigosdeltambor.org\/en\/wp-json\/wp\/v2\/posts\/4648\/revisions\/4649"}],"wp:attachment":[{"href":"https:\/\/amigosdeltambor.org\/en\/wp-json\/wp\/v2\/media?parent=4648"}],"wp:term":[{"taxonomy":"category","embeddable":true,"href":"https:\/\/amigosdeltambor.org\/en\/wp-json\/wp\/v2\/categories?post=4648"},{"taxonomy":"post_tag","embeddable":true,"href":"https:\/\/amigosdeltambor.org\/en\/wp-json\/wp\/v2\/tags?post=4648"},{"taxonomy":"post_folder","embeddable":true,"href":"https:\/\/amigosdeltambor.org\/en\/wp-json\/wp\/v2\/post_folder?post=4648"}],"curies":[{"name":"wp","href":"https:\/\/api.w.org\/{rel}","templated":true}]}}